{"id":916,"date":"2023-06-11T11:35:03","date_gmt":"2023-06-11T09:35:03","guid":{"rendered":"https:\/\/www.pontesullostrettonews.it\/website\/?p=916"},"modified":"2023-06-11T11:35:03","modified_gmt":"2023-06-11T09:35:03","slug":"salvini-il-ponte-non-sara-una-cattedrale-nel-deserto","status":"publish","type":"post","link":"https:\/\/www.pontesullostrettonews.it\/website\/2023\/06\/11\/salvini-il-ponte-non-sara-una-cattedrale-nel-deserto\/","title":{"rendered":"Salvini: &#8220;Il Ponte non sar\u00e0 una cattedrale nel deserto&#8221;"},"content":{"rendered":"\n<p class=\"wp-block-paragraph\">&#8220;Nelle ultime tre settimane Rfi ha aggiudicato 2 miliardi di lavori sulla Salerno-Reggio Calabria e 1,3 miliardi in Sicilia<br>completando la fase di assegnazione di tutto l&#8217;itinerario tra Palermo e Catania ad alta velocit\u00e0&#8221;.<\/p>\n\n\n\n<p class=\"wp-block-paragraph\">Matteo Salvini conferma che il Ponte sullo Stretto di Messina non sar\u00e0 una cattedrale nel deserto, al contrario. Previsti investimento per la Rete ferroviaria proprio in Sicilia.<\/p>\n\n\n\n<p class=\"wp-block-paragraph\"> &#8220;Stiamo investendo miliardi nelle infrastrutture di Sicilia e Calabria&#8221;, ha rimarcato Salvini cos\u00ec il ponte sullo Stretto non sar\u00e0 una cattedrale nel<br>deserto. L&#8217;inizio dei lavori di costruzione, \u00e8 la sfida lanciata dal vicepremier, sar\u00e0 a primavera 2024, e non in estate come annunciato precedentemente.<\/p>\n","protected":false},"excerpt":{"rendered":"<p>&#8220;Nelle ultime tre settimane Rfi ha aggiudicato 2 miliardi di lavori sulla Salerno-Reggio Calabria e 1,3 miliardi in Siciliacompletando la fase di assegnazione di tutto l&#8217;itinerario tra Palermo e Catania ad alta velocit\u00e0&#8221;. Matteo Salvini conferma che il Ponte sullo Stretto di Messina non sar\u00e0 una cattedrale nel deserto, al contrario. Previsti investimento per la [&hellip;]<\/p>\n","protected":false},"author":2,"featured_media":218,"comment_status":"closed","ping_status":"closed","sticky":false,"template":"","format":"standard","meta":{"footnotes":""},"categories":[5],"tags":[35,12],"class_list":["post-916","post","type-post","status-publish","format-standard","has-post-thumbnail","hentry","category-top-news","tag-matteo-salvini","tag-ponte-sullo-stretto"],"_links":{"self":[{"href":"https:\/\/www.pontesullostrettonews.it\/website\/wp-json\/wp\/v2\/posts\/916","targetHints":{"allow":["GET"]}}],"collection":[{"href":"https:\/\/www.pontesullostrettonews.it\/website\/wp-json\/wp\/v2\/posts"}],"about":[{"href":"https:\/\/www.pontesullostrettonews.it\/website\/wp-json\/wp\/v2\/types\/post"}],"author":[{"embeddable":true,"href":"https:\/\/www.pontesullostrettonews.it\/website\/wp-json\/wp\/v2\/users\/2"}],"replies":[{"embeddable":true,"href":"https:\/\/www.pontesullostrettonews.it\/website\/wp-json\/wp\/v2\/comments?post=916"}],"version-history":[{"count":1,"href":"https:\/\/www.pontesullostrettonews.it\/website\/wp-json\/wp\/v2\/posts\/916\/revisions"}],"predecessor-version":[{"id":917,"href":"https:\/\/www.pontesullostrettonews.it\/website\/wp-json\/wp\/v2\/posts\/916\/revisions\/917"}],"wp:featuredmedia":[{"embeddable":true,"href":"https:\/\/www.pontesullostrettonews.it\/website\/wp-json\/wp\/v2\/media\/218"}],"wp:attachment":[{"href":"https:\/\/www.pontesullostrettonews.it\/website\/wp-json\/wp\/v2\/media?parent=916"}],"wp:term":[{"taxonomy":"category","embeddable":true,"href":"https:\/\/www.pontesullostrettonews.it\/website\/wp-json\/wp\/v2\/categories?post=916"},{"taxonomy":"post_tag","embeddable":true,"href":"https:\/\/www.pontesullostrettonews.it\/website\/wp-json\/wp\/v2\/tags?post=916"}],"curies":[{"name":"wp","href":"https:\/\/api.w.org\/{rel}","templated":true}]}}