{"id":5915,"date":"2023-12-17T07:43:21","date_gmt":"2023-12-17T06:43:21","guid":{"rendered":"https:\/\/www.pontesullostrettonews.it\/website\/?p=5915"},"modified":"2023-12-17T07:43:21","modified_gmt":"2023-12-17T06:43:21","slug":"treni-si-telepass-no","status":"publish","type":"post","link":"https:\/\/www.pontesullostrettonews.it\/website\/2023\/12\/17\/treni-si-telepass-no\/","title":{"rendered":"Treni s\u00ec, Telepass no!"},"content":{"rendered":"\n<p class=\"wp-block-paragraph\">L\u2019Europa ce lo chiede: basta fare viaggiare le merci sulle inquinanti navi cargo, le merci devono viaggiare sul molto pi\u00f9 verde treno! Di pi\u00f9.<\/p>\n\n\n\n<p class=\"wp-block-paragraph\">C\u2019\u00e8 una soluzione immediata al problema dell\u2019inquinamento nello Stretto di Messina, <strong><u>eliminare del tutto le inquinanti navi traghetto<\/u><\/strong>. <a href=\"https:\/\/messina.gazzettadelsud.it\/articoli\/economia\/2020\/08\/22\/navi-traffico-aerei-dati-choc-sullinquinamento-sullo-stretto-di-messina-aa387ad9-4cb2-49f4-a2c5-6ba023c304d2\/\">Uno studio dell\u2019agosto 2020<\/a> ha infatti dimostrato che la costruzione del Ponte sullo Stretto di Messina porterebbe immediatamente ad una minore emissione di 140 mila tonnellate di CO<sub>2<\/sub>, 200 tonnellate di ossido di carbonio, 1300 di ossidi di azoto, 100 di particolato, 200 di idrocarburi incombusti e 100 di velenosissimi ossidi di zolfo, quantitativi sufficienti per risolvere immediatamente problema dell\u2019inquinamento dello Stretto di Messina. A patto dunque che progressivamente vengano dismesse le navi traghetto.<\/p>\n\n\n\n<p class=\"wp-block-paragraph\">Bene, non soltanto \u00e8 una cosa auspicabile e fattibilissima, \u00e8 notizia di questi giorni come nel mondo si tenda ad elettrificare ogni mezzo di trasporto allo scopo di salvare il pianeta, ma cos\u00ec hanno gi\u00e0 fatto svedesi, danesi e persino norvegesi che non soltanto si sono liberati delle loro inquinanti navi traghetto per costruire ponti, come \u00e8 accaduto dal 1999 e cio\u00e8 da quando \u00e8 in funzione l\u2019\u00d8resund Bridge, ma addirittura ce le hanno <em>sbolognate<\/em> a noi.<\/p>\n\n\n<div class=\"wp-block-image\">\n<figure class=\"aligncenter size-full\"><img loading=\"lazy\" decoding=\"async\" width=\"600\" height=\"400\" src=\"https:\/\/www.pontesullostrettonews.it\/website\/wp-content\/uploads\/2023\/12\/Vestfold.jpg\" alt=\"\" class=\"wp-image-5916\" srcset=\"https:\/\/www.pontesullostrettonews.it\/website\/wp-content\/uploads\/2023\/12\/Vestfold.jpg 600w, https:\/\/www.pontesullostrettonews.it\/website\/wp-content\/uploads\/2023\/12\/Vestfold-300x200.jpg 300w\" sizes=\"auto, (max-width: 600px) 100vw, 600px\" \/><figcaption class=\"wp-element-caption\">Figura 1 &#8211; La Vetfold ormeggiata alla Rada di San Francesco a Messina.<\/figcaption><\/figure>\n<\/div>\n\n\n<p class=\"wp-block-paragraph\">Ecco dunque appunto nel 1999 apparire nei nostri mari la fantastica e mastodontica nave scandinava denominata Vestfold, un bestione tutto fumo e niente arrosto comprato dalla fantomatica societ\u00e0 italiana Viano Shipping S.p.A. (sic!) il 27 maggio 1999 per 18 miliardi di vecchie lire sull\u2019unghia al fronte di una richiesta di 30 miliardi, dicono i bene informati. Ma al di l\u00e0 di questa contrattazione sul prezzo che pu\u00f2 essere anche una diceria, resta il fatto che il bestione abbandon\u00f2 la tratta norvegese sul fiordo di Oslo tra Moss e Horten e venne a solcare i nostri mari.<\/p>\n\n\n<div class=\"wp-block-image\">\n<figure class=\"aligncenter size-large\"><img loading=\"lazy\" decoding=\"async\" width=\"1024\" height=\"548\" src=\"https:\/\/www.pontesullostrettonews.it\/website\/wp-content\/uploads\/2023\/12\/Telepass-1024x548.png\" alt=\"\" class=\"wp-image-5918\" srcset=\"https:\/\/www.pontesullostrettonews.it\/website\/wp-content\/uploads\/2023\/12\/Telepass-1024x548.png 1024w, https:\/\/www.pontesullostrettonews.it\/website\/wp-content\/uploads\/2023\/12\/Telepass-300x160.png 300w, https:\/\/www.pontesullostrettonews.it\/website\/wp-content\/uploads\/2023\/12\/Telepass-768x411.png 768w, https:\/\/www.pontesullostrettonews.it\/website\/wp-content\/uploads\/2023\/12\/Telepass-786x420.png 786w, https:\/\/www.pontesullostrettonews.it\/website\/wp-content\/uploads\/2023\/12\/Telepass-640x342.png 640w, https:\/\/www.pontesullostrettonews.it\/website\/wp-content\/uploads\/2023\/12\/Telepass-681x364.png 681w, https:\/\/www.pontesullostrettonews.it\/website\/wp-content\/uploads\/2023\/12\/Telepass.png 1197w\" sizes=\"auto, (max-width: 1024px) 100vw, 1024px\" \/><figcaption class=\"wp-element-caption\">Figura 2 &#8211; l&#8217;iter della Vestfold oggi Telepass.<\/figcaption><\/figure>\n<\/div>\n\n\n<p class=\"wp-block-paragraph\">Dopo 16 anni abbondanti, la societ\u00e0 monopolista del traghettamento tra Sicilia e Calabria ne cambi\u00f2 la livrea e nel dicembre 2015 si pass\u00f2 dal bianco\/verde della Vestfold al giallo\/blu della Telepass (vedi foto di copertina). Ecco dunque che ad oggi e cio\u00e8 dopo 33 anni, la nave varata nel 1991 ancora \u00e8 il fiore all\u2019occhiello della flotta Caronte Tourist.<\/p>\n\n\n\n<p class=\"wp-block-paragraph\"><strong>L\u2019Europa dice: basta con le navi portacontainer, inquinano. Il futuro delle merci \u00e8 su rotaia<\/strong><\/p>\n\n\n\n<figure class=\"wp-block-image\"><img loading=\"lazy\" decoding=\"async\" width=\"905\" height=\"590\" src=\"https:\/\/www.pontesullostrettonews.it\/website\/wp-content\/uploads\/2023\/07\/navi-inquinanti.jpg\" alt=\"\" class=\"wp-image-2183\" srcset=\"https:\/\/www.pontesullostrettonews.it\/website\/wp-content\/uploads\/2023\/07\/navi-inquinanti.jpg 905w, https:\/\/www.pontesullostrettonews.it\/website\/wp-content\/uploads\/2023\/07\/navi-inquinanti-300x196.jpg 300w, https:\/\/www.pontesullostrettonews.it\/website\/wp-content\/uploads\/2023\/07\/navi-inquinanti-768x501.jpg 768w, https:\/\/www.pontesullostrettonews.it\/website\/wp-content\/uploads\/2023\/07\/navi-inquinanti-644x420.jpg 644w, https:\/\/www.pontesullostrettonews.it\/website\/wp-content\/uploads\/2023\/07\/navi-inquinanti-640x417.jpg 640w, https:\/\/www.pontesullostrettonews.it\/website\/wp-content\/uploads\/2023\/07\/navi-inquinanti-681x444.jpg 681w\" sizes=\"auto, (max-width: 905px) 100vw, 905px\" \/><\/figure>\n\n\n\n<p class=\"wp-block-paragraph\">L\u2019errore pi\u00f9 comune che commettono gli oppositori al ponte quando dicono che&nbsp;<em><a href=\"https:\/\/en.wikipedia.org\/wiki\/Europoort\">Europoort<\/a><\/em>, il porto di Rotterdam, che \u00e8 nettamente e sempre sar\u00e0 il pi\u00f9 grande porto d\u2019Europa, diminuirebbe sensibilmente il suo traffico perch\u00e9 con la costruzione del Messina Bridge le merci provenienti dal canale di Suez sbarcherebbero nel&nbsp;<a href=\"https:\/\/en.wikipedia.org\/wiki\/Port_of_Augusta\">porto di Augusta<\/a>&nbsp;e, a loro dire, non si capisce il perch\u00e9 dato che gi\u00e0 oggi, volendo evitare il passaggio dalle colonne d\u2019Ercole (<a href=\"https:\/\/en.wikipedia.org\/wiki\/Strait_of_Gibraltar\">stretto di Gibilterra<\/a>), per raggiungere i&nbsp;<em>porti gateway<\/em>&nbsp;dell\u2019Europa del nord, si potrebbe ancora preferire Gioia Tauro, o Genova, o Marsiglia. Bene in questa considerazione si commettono due errori.<\/p>\n\n\n\n<p class=\"wp-block-paragraph\">Innanzitutto \u00e8 il porto siciliano e non gli altri tre citati ad avere le caratteristiche di espandibilit\u00e0 a&nbsp;<em>gateway<\/em>, inoltre non si considera che la priorit\u00e0 \u00e8 fermare le navi e questo va fatto non tanto a vantaggio del gommato, ma del traffico merci su rotaia. In un mondo in cui ormai \u00e8 dato oggettivo, e non \u00e8 complottismo, i cambiamenti climatici sono in atto,&nbsp;<strong>l\u2019unica soluzione \u00e8 ridurre l\u2019inquinamento<\/strong>, ecco che ridurre l\u2019emissione di CO<sub>2<\/sub>, anidride carbonica, \u00e8 una priorit\u00e0 e come si vede nell\u2019istogramma che segue (<a href=\"https:\/\/www.isprambiente.gov.it\/it\/archivio\/notizie-e-novita-normative\/notizie-ispra\/2021\/03\/treno-aereo-automobile-o-nave-qual-e-il-piu-verde\">Fonte ISPRA<\/a>, Istituto Superiore per la Protezione e la Ricerca Ambientale), il treno \u00e8 proprio il mezzo che di gran lunga ne produce di meno.<\/p>\n\n\n\n<figure class=\"wp-block-image\"><img loading=\"lazy\" decoding=\"async\" width=\"1024\" height=\"592\" src=\"https:\/\/www.pontesullostrettonews.it\/website\/wp-content\/uploads\/2023\/07\/istogramma-iquinamento-ehabitat-1024x592.png\" alt=\"\" class=\"wp-image-2193\" srcset=\"https:\/\/www.pontesullostrettonews.it\/website\/wp-content\/uploads\/2023\/07\/istogramma-iquinamento-ehabitat-1024x592.png 1024w, https:\/\/www.pontesullostrettonews.it\/website\/wp-content\/uploads\/2023\/07\/istogramma-iquinamento-ehabitat-300x173.png 300w, https:\/\/www.pontesullostrettonews.it\/website\/wp-content\/uploads\/2023\/07\/istogramma-iquinamento-ehabitat-768x444.png 768w, https:\/\/www.pontesullostrettonews.it\/website\/wp-content\/uploads\/2023\/07\/istogramma-iquinamento-ehabitat-1536x888.png 1536w, https:\/\/www.pontesullostrettonews.it\/website\/wp-content\/uploads\/2023\/07\/istogramma-iquinamento-ehabitat-726x420.png 726w, https:\/\/www.pontesullostrettonews.it\/website\/wp-content\/uploads\/2023\/07\/istogramma-iquinamento-ehabitat-640x370.png 640w, https:\/\/www.pontesullostrettonews.it\/website\/wp-content\/uploads\/2023\/07\/istogramma-iquinamento-ehabitat-681x394.png 681w, https:\/\/www.pontesullostrettonews.it\/website\/wp-content\/uploads\/2023\/07\/istogramma-iquinamento-ehabitat.png 1660w\" sizes=\"auto, (max-width: 1024px) 100vw, 1024px\" \/><figcaption class=\"wp-element-caption\">Isogramma fonte ISPRA<\/figcaption><\/figure>\n\n\n\n<p class=\"wp-block-paragraph\"><strong>Impatto ambientale dei treni e aerei<\/strong><\/p>\n\n\n<div class=\"wp-block-image\">\n<figure class=\"aligncenter\"><img loading=\"lazy\" decoding=\"async\" width=\"544\" height=\"288\" src=\"https:\/\/www.pontesullostrettonews.it\/website\/wp-content\/uploads\/2023\/07\/trasporto-merci-2.png\" alt=\"\" class=\"wp-image-2182\" srcset=\"https:\/\/www.pontesullostrettonews.it\/website\/wp-content\/uploads\/2023\/07\/trasporto-merci-2.png 544w, https:\/\/www.pontesullostrettonews.it\/website\/wp-content\/uploads\/2023\/07\/trasporto-merci-2-300x160.png 300w\" sizes=\"auto, (max-width: 544px) 100vw, 544px\" \/><\/figure>\n<\/div>\n\n\n<p class=\"wp-block-paragraph\"><em>Le emissioni di questo settore provengono principalmente dal trasporto su strada (72%), mentre il trasporto marittimo e il trasporto aereo rappresentano rispettivamente una quota del 14% e del 13% delle emissioni e la ferrovia una quota dello 0,4% (emissioni dei soli treni diesel).&nbsp;<\/em><a href=\"https:\/\/www.isprambiente.gov.it\/it\/archivio\/notizie-e-novita-normative\/notizie-ispra\/2021\/03\/treno-aereo-automobile-o-nave-qual-e-il-piu-verde\">Fonte ISPRA<\/a>&nbsp;(Istituto Superiore per la Protezione e la Ricerca Ambientale)<\/p>\n\n\n\n<figure class=\"wp-block-image\"><img loading=\"lazy\" decoding=\"async\" width=\"1024\" height=\"602\" src=\"https:\/\/www.pontesullostrettonews.it\/website\/wp-content\/uploads\/2023\/07\/Inquinamento-messi-ehabitat-1024x602.png\" alt=\"\" class=\"wp-image-2184\" srcset=\"https:\/\/www.pontesullostrettonews.it\/website\/wp-content\/uploads\/2023\/07\/Inquinamento-messi-ehabitat-1024x602.png 1024w, https:\/\/www.pontesullostrettonews.it\/website\/wp-content\/uploads\/2023\/07\/Inquinamento-messi-ehabitat-300x176.png 300w, https:\/\/www.pontesullostrettonews.it\/website\/wp-content\/uploads\/2023\/07\/Inquinamento-messi-ehabitat-768x451.png 768w, https:\/\/www.pontesullostrettonews.it\/website\/wp-content\/uploads\/2023\/07\/Inquinamento-messi-ehabitat-715x420.png 715w, https:\/\/www.pontesullostrettonews.it\/website\/wp-content\/uploads\/2023\/07\/Inquinamento-messi-ehabitat-640x376.png 640w, https:\/\/www.pontesullostrettonews.it\/website\/wp-content\/uploads\/2023\/07\/Inquinamento-messi-ehabitat-681x400.png 681w, https:\/\/www.pontesullostrettonews.it\/website\/wp-content\/uploads\/2023\/07\/Inquinamento-messi-ehabitat.png 1222w\" sizes=\"auto, (max-width: 1024px) 100vw, 1024px\" \/><figcaption class=\"wp-element-caption\">Grafico a torta fonte ISPRA<\/figcaption><\/figure>\n\n\n\n<p class=\"wp-block-paragraph\"><strong>Una nave cargo inquina quanto 15.000 auto<\/strong><\/p>\n\n\n\n<p class=\"wp-block-paragraph\"><em>Nel 2018 il trasporto marittimo europeo, merci e passeggeri insieme, ha riversato nell\u2019atmosfera circa 139 milioni di tonnellate di CO2. Una quantit\u00e0 superiore a quella del trasporto automobilistico.&nbsp;<strong><u>L\u2019italo-svizzera Mediterranean Shipping Company (MSC) \u00e8 la campionessa marittima del cambiamento climatico nell\u2019UE<\/u><\/strong>.<\/em><\/p>\n\n\n\n<p class=\"wp-block-paragraph\"><em>Le sue 362 pi\u00f9 grandi navi-cargo emettono 11 milioni di tonnellate di CO2 (il pi\u00f9 diffuso gas a effetto serra), una quantit\u00e0 pari a quella emessa da 5,5 milioni di auto, pi\u00f9 di qualsiasi altra societ\u00e0 navale europea<\/em>.&nbsp;<a href=\"https:\/\/voxeurop.eu\/it\/qual-e-limpronta-carbonio-delle-navi-europee\/#:~:text=Le%20sue%20362%20pi%C3%B9%20grandi,qualsiasi%20altra%20societ%C3%A0%20navale%20europea.\">Fonte Voxeurop<\/a>.<\/p>\n\n\n\n<p class=\"wp-block-paragraph\">Futuro o utopia? Una nave a cargo a vela come quella nella foto che segue.<\/p>\n\n\n\n<figure class=\"wp-block-image\"><img loading=\"lazy\" decoding=\"async\" width=\"1024\" height=\"694\" src=\"https:\/\/www.pontesullostrettonews.it\/website\/wp-content\/uploads\/2023\/07\/SAIL-CARGO-1024x694.jpg\" alt=\"\" class=\"wp-image-2185\" srcset=\"https:\/\/www.pontesullostrettonews.it\/website\/wp-content\/uploads\/2023\/07\/SAIL-CARGO-1024x694.jpg 1024w, https:\/\/www.pontesullostrettonews.it\/website\/wp-content\/uploads\/2023\/07\/SAIL-CARGO-300x203.jpg 300w, https:\/\/www.pontesullostrettonews.it\/website\/wp-content\/uploads\/2023\/07\/SAIL-CARGO-768x520.jpg 768w, https:\/\/www.pontesullostrettonews.it\/website\/wp-content\/uploads\/2023\/07\/SAIL-CARGO-620x420.jpg 620w, https:\/\/www.pontesullostrettonews.it\/website\/wp-content\/uploads\/2023\/07\/SAIL-CARGO-640x434.jpg 640w, https:\/\/www.pontesullostrettonews.it\/website\/wp-content\/uploads\/2023\/07\/SAIL-CARGO-681x461.jpg 681w, https:\/\/www.pontesullostrettonews.it\/website\/wp-content\/uploads\/2023\/07\/SAIL-CARGO.jpg 1200w\" sizes=\"auto, (max-width: 1024px) 100vw, 1024px\" \/><\/figure>\n\n\n\n<p class=\"has-text-align-right wp-block-paragraph\">\u00a9 Ing. Giuseppe Palamara 2023<\/p>\n","protected":false},"excerpt":{"rendered":"<p>L\u2019Europa ce lo chiede: basta fare viaggiare le merci sulle inquinanti navi cargo, le merci devono viaggiare sul molto pi\u00f9 verde treno! Di pi\u00f9. C\u2019\u00e8 una soluzione immediata al problema dell\u2019inquinamento nello Stretto di Messina, eliminare del tutto le inquinanti navi traghetto. Uno studio dell\u2019agosto 2020 ha infatti dimostrato che la costruzione del Ponte sullo [&hellip;]<\/p>\n","protected":false},"author":3,"featured_media":5917,"comment_status":"closed","ping_status":"closed","sticky":false,"template":"","format":"standard","meta":{"footnotes":""},"categories":[4,5],"tags":[271,13,226,256],"class_list":["post-5915","post","type-post","status-publish","format-standard","has-post-thumbnail","hentry","category-evidenza","category-top-news","tag-europa","tag-giuseppe-palamara","tag-inquinamento","tag-ponte-sullo-stretto-di-messina"],"_links":{"self":[{"href":"https:\/\/www.pontesullostrettonews.it\/website\/wp-json\/wp\/v2\/posts\/5915","targetHints":{"allow":["GET"]}}],"collection":[{"href":"https:\/\/www.pontesullostrettonews.it\/website\/wp-json\/wp\/v2\/posts"}],"about":[{"href":"https:\/\/www.pontesullostrettonews.it\/website\/wp-json\/wp\/v2\/types\/post"}],"author":[{"embeddable":true,"href":"https:\/\/www.pontesullostrettonews.it\/website\/wp-json\/wp\/v2\/users\/3"}],"replies":[{"embeddable":true,"href":"https:\/\/www.pontesullostrettonews.it\/website\/wp-json\/wp\/v2\/comments?post=5915"}],"version-history":[{"count":4,"href":"https:\/\/www.pontesullostrettonews.it\/website\/wp-json\/wp\/v2\/posts\/5915\/revisions"}],"predecessor-version":[{"id":5922,"href":"https:\/\/www.pontesullostrettonews.it\/website\/wp-json\/wp\/v2\/posts\/5915\/revisions\/5922"}],"wp:featuredmedia":[{"embeddable":true,"href":"https:\/\/www.pontesullostrettonews.it\/website\/wp-json\/wp\/v2\/media\/5917"}],"wp:attachment":[{"href":"https:\/\/www.pontesullostrettonews.it\/website\/wp-json\/wp\/v2\/media?parent=5915"}],"wp:term":[{"taxonomy":"category","embeddable":true,"href":"https:\/\/www.pontesullostrettonews.it\/website\/wp-json\/wp\/v2\/categories?post=5915"},{"taxonomy":"post_tag","embeddable":true,"href":"https:\/\/www.pontesullostrettonews.it\/website\/wp-json\/wp\/v2\/tags?post=5915"}],"curies":[{"name":"wp","href":"https:\/\/api.w.org\/{rel}","templated":true}]}}